{"id":932,"date":"2023-03-11T14:58:23","date_gmt":"2023-03-11T19:58:23","guid":{"rendered":"https:\/\/www.yariproductions.com\/yannick-rieu-sextet-diese-onze-le-23-24-of-mars-2023\/"},"modified":"2023-03-11T15:50:29","modified_gmt":"2023-03-11T20:50:29","slug":"yannick-rieu-sextet-diese-onze-le-24-25-of-mars-2023","status":"publish","type":"post","link":"https:\/\/www.yariproductions.com\/fr\/yannick-rieu-sextet-diese-onze-le-24-25-of-mars-2023\/","title":{"rendered":"Yannick Rieu Sextet @ Di\u00e8se Onze le 24 &#038; 25 of mars 2023"},"content":{"rendered":"[vc_row type=\u00a0\u00bbin_container\u00a0\u00bb full_screen_row_position=\u00a0\u00bbmiddle\u00a0\u00bb column_margin=\u00a0\u00bbdefault\u00a0\u00bb column_direction=\u00a0\u00bbdefault\u00a0\u00bb column_direction_tablet=\u00a0\u00bbdefault\u00a0\u00bb column_direction_phone=\u00a0\u00bbdefault\u00a0\u00bb scene_position=\u00a0\u00bbcenter\u00a0\u00bb text_color=\u00a0\u00bbdark\u00a0\u00bb text_align=\u00a0\u00bbleft\u00a0\u00bb row_border_radius=\u00a0\u00bbnone\u00a0\u00bb row_border_radius_applies=\u00a0\u00bbbg\u00a0\u00bb overflow=\u00a0\u00bbvisible\u00a0\u00bb overlay_strength=\u00a0\u00bb0.3&Prime; gradient_direction=\u00a0\u00bbleft_to_right\u00a0\u00bb shape_divider_position=\u00a0\u00bbbottom\u00a0\u00bb bg_image_animation=\u00a0\u00bbnone\u00a0\u00bb][vc_column column_padding=\u00a0\u00bbno-extra-padding\u00a0\u00bb column_padding_tablet=\u00a0\u00bbinherit\u00a0\u00bb column_padding_phone=\u00a0\u00bbinherit\u00a0\u00bb column_padding_position=\u00a0\u00bball\u00a0\u00bb column_element_direction_desktop=\u00a0\u00bbdefault\u00a0\u00bb column_element_spacing=\u00a0\u00bbdefault\u00a0\u00bb desktop_text_alignment=\u00a0\u00bbdefault\u00a0\u00bb tablet_text_alignment=\u00a0\u00bbdefault\u00a0\u00bb phone_text_alignment=\u00a0\u00bbdefault\u00a0\u00bb background_color_opacity=\u00a0\u00bb1&Prime; background_hover_color_opacity=\u00a0\u00bb1&Prime; column_backdrop_filter=\u00a0\u00bbnone\u00a0\u00bb column_shadow=\u00a0\u00bbnone\u00a0\u00bb column_border_radius=\u00a0\u00bbnone\u00a0\u00bb column_link_target=\u00a0\u00bb_self\u00a0\u00bb column_position=\u00a0\u00bbdefault\u00a0\u00bb gradient_direction=\u00a0\u00bbleft_to_right\u00a0\u00bb overlay_strength=\u00a0\u00bb0.3&Prime; width=\u00a0\u00bb1\/1&Prime; tablet_width_inherit=\u00a0\u00bbdefault\u00a0\u00bb animation_type=\u00a0\u00bbdefault\u00a0\u00bb bg_image_animation=\u00a0\u00bbnone\u00a0\u00bb border_type=\u00a0\u00bbsimple\u00a0\u00bb column_border_width=\u00a0\u00bbnone\u00a0\u00bb column_border_style=\u00a0\u00bbsolid\u00a0\u00bb][image_with_animation image_url=\u00a0\u00bb912&Prime; image_size=\u00a0\u00bbfull\u00a0\u00bb animation_type=\u00a0\u00bbentrance\u00a0\u00bb animation=\u00a0\u00bbNone\u00a0\u00bb animation_movement_type=\u00a0\u00bbtransform_y\u00a0\u00bb hover_animation=\u00a0\u00bbnone\u00a0\u00bb alignment=\u00a0\u00bbcenter\u00a0\u00bb border_radius=\u00a0\u00bbnone\u00a0\u00bb box_shadow=\u00a0\u00bbnone\u00a0\u00bb image_loading=\u00a0\u00bbdefault\u00a0\u00bb max_width=\u00a0\u00bb100%\u00a0\u00bb max_width_mobile=\u00a0\u00bbdefault\u00a0\u00bb][\/vc_column][\/vc_row][vc_row type=\u00a0\u00bbin_container\u00a0\u00bb full_screen_row_position=\u00a0\u00bbmiddle\u00a0\u00bb column_margin=\u00a0\u00bbdefault\u00a0\u00bb column_direction=\u00a0\u00bbdefault\u00a0\u00bb column_direction_tablet=\u00a0\u00bbdefault\u00a0\u00bb column_direction_phone=\u00a0\u00bbdefault\u00a0\u00bb scene_position=\u00a0\u00bbcenter\u00a0\u00bb text_color=\u00a0\u00bbdark\u00a0\u00bb text_align=\u00a0\u00bbleft\u00a0\u00bb row_border_radius=\u00a0\u00bbnone\u00a0\u00bb row_border_radius_applies=\u00a0\u00bbbg\u00a0\u00bb overflow=\u00a0\u00bbvisible\u00a0\u00bb overlay_strength=\u00a0\u00bb0.3&Prime; gradient_direction=\u00a0\u00bbleft_to_right\u00a0\u00bb shape_divider_position=\u00a0\u00bbbottom\u00a0\u00bb bg_image_animation=\u00a0\u00bbnone\u00a0\u00bb][vc_column column_padding=\u00a0\u00bbno-extra-padding\u00a0\u00bb column_padding_tablet=\u00a0\u00bbinherit\u00a0\u00bb column_padding_phone=\u00a0\u00bbinherit\u00a0\u00bb column_padding_position=\u00a0\u00bball\u00a0\u00bb column_element_direction_desktop=\u00a0\u00bbdefault\u00a0\u00bb column_element_spacing=\u00a0\u00bbdefault\u00a0\u00bb desktop_text_alignment=\u00a0\u00bbdefault\u00a0\u00bb tablet_text_alignment=\u00a0\u00bbdefault\u00a0\u00bb phone_text_alignment=\u00a0\u00bbdefault\u00a0\u00bb background_color_opacity=\u00a0\u00bb1&Prime; background_hover_color_opacity=\u00a0\u00bb1&Prime; column_backdrop_filter=\u00a0\u00bbnone\u00a0\u00bb column_shadow=\u00a0\u00bbnone\u00a0\u00bb column_border_radius=\u00a0\u00bbnone\u00a0\u00bb column_link_target=\u00a0\u00bb_self\u00a0\u00bb column_position=\u00a0\u00bbdefault\u00a0\u00bb gradient_direction=\u00a0\u00bbleft_to_right\u00a0\u00bb overlay_strength=\u00a0\u00bb0.3&Prime; width=\u00a0\u00bb1\/1&Prime; tablet_width_inherit=\u00a0\u00bbdefault\u00a0\u00bb animation_type=\u00a0\u00bbdefault\u00a0\u00bb bg_image_animation=\u00a0\u00bbnone\u00a0\u00bb border_type=\u00a0\u00bbsimple\u00a0\u00bb column_border_width=\u00a0\u00bbnone\u00a0\u00bb column_border_style=\u00a0\u00bbsolid\u00a0\u00bb][vc_column_text]Pr\u00e9parez-vous pour une soir\u00e9e de jazz de classe mondiale avec le <strong>Yannick Rieu Sextet<\/strong> mettant en vedette <strong>Daniel Thouin<\/strong>, <strong>Adrian Vedady<\/strong>, <strong>Maxime Lapierre<\/strong>, <strong>Louis-Vincent Hamel<\/strong> et <strong>Dave Grot<\/strong> au <a href=\"http:\/\/www.dieseonze.com\/spectacle\/2022-09-23\/yannick-rieu-quartet.html#2022-09-23\"><strong>Jazz Club Di\u00e8se Onze<\/strong><\/a> \u00e0 Montr\u00e9al, Canada les 24 et 25 mars.<\/p>\n<p>Dirig\u00e9 par le saxophoniste acclam\u00e9 <a href=\"https:\/\/yannickrieu.com\/\"><strong>Yannick Rieu<\/strong><\/a>, ce groupe de musiciens talentueux vous emm\u00e8nera dans un voyage musical \u00e0 travers leur m\u00e9lange unique de styles de jazz modernes et traditionnels. Avec Daniel Thouin au piano, Adrian Vedady \u00e0 la basse, Maxime Lapierre \u00e0 la batterie, Louis-Vincent Hamel \u00e0 la trompette et Dave Grot au trombone, ce sextet promet une performance inoubliable.<\/p>\n<p>Ne manquez pas votre chance de vivre la magie du <strong>Yannick Rieu Sextet<\/strong> dans l&rsquo;un des meilleurs clubs de jazz de Montr\u00e9al. Procurez-vous d\u00e8s maintenant vos billets pour une soir\u00e9e de pur bonheur musical.[\/vc_column_text][\/vc_column][\/vc_row][vc_row type=\u00a0\u00bbin_container\u00a0\u00bb full_screen_row_position=\u00a0\u00bbmiddle\u00a0\u00bb column_margin=\u00a0\u00bbdefault\u00a0\u00bb column_direction=\u00a0\u00bbdefault\u00a0\u00bb column_direction_tablet=\u00a0\u00bbdefault\u00a0\u00bb column_direction_phone=\u00a0\u00bbdefault\u00a0\u00bb scene_position=\u00a0\u00bbcenter\u00a0\u00bb text_color=\u00a0\u00bbdark\u00a0\u00bb text_align=\u00a0\u00bbleft\u00a0\u00bb row_border_radius=\u00a0\u00bbnone\u00a0\u00bb row_border_radius_applies=\u00a0\u00bbbg\u00a0\u00bb overflow=\u00a0\u00bbvisible\u00a0\u00bb overlay_strength=\u00a0\u00bb0.3&Prime; gradient_direction=\u00a0\u00bbleft_to_right\u00a0\u00bb shape_divider_position=\u00a0\u00bbbottom\u00a0\u00bb bg_image_animation=\u00a0\u00bbnone\u00a0\u00bb][vc_column column_padding=\u00a0\u00bbno-extra-padding\u00a0\u00bb column_padding_tablet=\u00a0\u00bbinherit\u00a0\u00bb column_padding_phone=\u00a0\u00bbinherit\u00a0\u00bb column_padding_position=\u00a0\u00bball\u00a0\u00bb column_element_direction_desktop=\u00a0\u00bbdefault\u00a0\u00bb column_element_spacing=\u00a0\u00bbdefault\u00a0\u00bb desktop_text_alignment=\u00a0\u00bbdefault\u00a0\u00bb tablet_text_alignment=\u00a0\u00bbdefault\u00a0\u00bb phone_text_alignment=\u00a0\u00bbdefault\u00a0\u00bb background_color_opacity=\u00a0\u00bb1&Prime; background_hover_color_opacity=\u00a0\u00bb1&Prime; column_backdrop_filter=\u00a0\u00bbnone\u00a0\u00bb column_shadow=\u00a0\u00bbnone\u00a0\u00bb column_border_radius=\u00a0\u00bbnone\u00a0\u00bb column_link_target=\u00a0\u00bb_self\u00a0\u00bb column_position=\u00a0\u00bbdefault\u00a0\u00bb gradient_direction=\u00a0\u00bbleft_to_right\u00a0\u00bb overlay_strength=\u00a0\u00bb0.3&Prime; width=\u00a0\u00bb1\/1&Prime; tablet_width_inherit=\u00a0\u00bbdefault\u00a0\u00bb animation_type=\u00a0\u00bbdefault\u00a0\u00bb bg_image_animation=\u00a0\u00bbnone\u00a0\u00bb border_type=\u00a0\u00bbsimple\u00a0\u00bb column_border_width=\u00a0\u00bbnone\u00a0\u00bb column_border_style=\u00a0\u00bbsolid\u00a0\u00bb][vc_raw_js]JTNDaWZyYW1lJTIwc3JjJTNEJTIyaHR0cHMlM0ElMkYlMkZ3d3cuZ29vZ2xlLmNvbSUyRm1hcHMlMkZlbWJlZCUzRnBiJTNEJTIxMW0xNCUyMTFtOCUyMTFtMyUyMTFkMTExODEuNzQ3NDExMzc4OTQ3JTIxMmQtNzMuNTc2OTMwNiUyMTNkNDUuNTIxNDEzOSUyMTNtMiUyMTFpMTAyNCUyMTJpNzY4JTIxNGYxMy4xJTIxM20zJTIxMW0yJTIxMXMweDRjYzkxYmNjMjZmNTdmMzElMjUzQTB4Mjc4ZmI0MzRkMDFkMmMwZSUyMTJzRGllc2UlMjUyME9uemUlMjUyMExpdmUlMjUyMEphenolMjUyMEJhciUyMTVlMCUyMTNtMiUyMTFzZW4lMjEyc2NhJTIxNHYxNjc4NTYyMDQ3MjMyJTIxNW0yJTIxMXNlbiUyMTJzY2ElMjIlMjB3aWR0aCUzRCUyMjE5MjAlMjIlMjBoZWlnaHQlM0QlMjI0NTAlMjIlMjBzdHlsZSUzRCUyMmJvcmRlciUzQTAlM0IlMjIlMjBhbGxvd2Z1bGxzY3JlZW4lM0QlMjIlMjIlMjBsb2FkaW5nJTNEJTIybGF6eSUyMiUyMHJlZmVycmVycG9saWN5JTNEJTIybm8tcmVmZXJyZXItd2hlbi1kb3duZ3JhZGUlMjIlM0UlM0MlMkZpZnJhbWUlM0U=[\/vc_raw_js][\/vc_column][\/vc_row]\n","protected":false},"excerpt":{"rendered":"<p>[vc_row type=\u00a0\u00bbin_container\u00a0\u00bb full_screen_row_position=\u00a0\u00bbmiddle\u00a0\u00bb column_margin=\u00a0\u00bbdefault\u00a0\u00bb column_direction=\u00a0\u00bbdefault\u00a0\u00bb column_direction_tablet=\u00a0\u00bbdefault\u00a0\u00bb column_direction_phone=\u00a0\u00bbdefault\u00a0\u00bb scene_position=\u00a0\u00bbcenter\u00a0\u00bb text_color=\u00a0\u00bbdark\u00a0\u00bb text_align=\u00a0\u00bbleft\u00a0\u00bb row_border_radius=\u00a0\u00bbnone\u00a0\u00bb row_border_radius_applies=\u00a0\u00bbbg\u00a0\u00bb overflow=\u00a0\u00bbvisible\u00a0\u00bb overlay_strength=\u00a0\u00bb0.3&Prime; gradient_direction=\u00a0\u00bbleft_to_right\u00a0\u00bb shape_divider_position=\u00a0\u00bbbottom\u00a0\u00bb bg_image_animation=\u00a0\u00bbnone\u00a0\u00bb][vc_column column_padding=\u00a0\u00bbno-extra-padding\u00a0\u00bb column_padding_tablet=\u00a0\u00bbinherit\u00a0\u00bb column_padding_phone=\u00a0\u00bbinherit\u00a0\u00bb column_padding_position=\u00a0\u00bball\u00a0\u00bb column_element_direction_desktop=\u00a0\u00bbdefault\u00a0\u00bb column_element_spacing=\u00a0\u00bbdefault\u00a0\u00bb desktop_text_alignment=\u00a0\u00bbdefault\u00a0\u00bb tablet_text_alignment=\u00a0\u00bbdefault\u00a0\u00bb phone_text_alignment=\u00a0\u00bbdefault\u00a0\u00bb background_color_opacity=\u00a0\u00bb1&Prime; background_hover_color_opacity=\u00a0\u00bb1&Prime; column_backdrop_filter=\u00a0\u00bbnone\u00a0\u00bb column_shadow=\u00a0\u00bbnone\u00a0\u00bb&#8230;<\/p>\n","protected":false},"author":1,"featured_media":913,"comment_status":"open","ping_status":"open","sticky":false,"template":"","format":"standard","meta":{"footnotes":""},"categories":[22],"tags":[],"class_list":{"0":"post-932","1":"post","2":"type-post","3":"status-publish","4":"format-standard","5":"has-post-thumbnail","7":"category-yannick-rieu-sextet"},"yoast_head":"<!-- This site is optimized with the Yoast SEO plugin v26.0 - https:\/\/yoast.com\/wordpress\/plugins\/seo\/ -->\n<title>Yannick Rieu Sextet @ Di\u00e8se Onze le 24 &amp; 25 of mars 2023 - Yari Productions<\/title>\n<meta name=\"description\" content=\"Pr\u00e9parez-vous pour une soir\u00e9e de jazz de classe mondiale avec le Yannick Rieu Sextet mettant en vedette Daniel Thouin, Adrian Vedady, Maxime Lapierre, Louis-Vincent Hamel et Dave Grot au T Jazz Club Di\u00e8se Onze \u00e0 Montr\u00e9al, Canada les 24 et 25 mars.\" \/>\n<meta name=\"robots\" content=\"index, follow, max-snippet:-1, max-image-preview:large, max-video-preview:-1\" \/>\n<link rel=\"canonical\" href=\"https:\/\/www.yariproductions.com\/fr\/yannick-rieu-sextet-diese-onze-le-24-25-of-mars-2023\/\" \/>\n<meta property=\"og:locale\" content=\"fr_FR\" \/>\n<meta property=\"og:type\" content=\"article\" \/>\n<meta property=\"og:title\" content=\"Yannick Rieu Sextet @ Di\u00e8se Onze le 24 &amp; 25 of mars 2023 - Yari Productions\" \/>\n<meta property=\"og:description\" content=\"Pr\u00e9parez-vous pour une soir\u00e9e de jazz de classe mondiale avec le Yannick Rieu Sextet mettant en vedette Daniel Thouin, Adrian Vedady, Maxime Lapierre, Louis-Vincent Hamel et Dave Grot au T Jazz Club Di\u00e8se Onze \u00e0 Montr\u00e9al, Canada les 24 et 25 mars.\" \/>\n<meta property=\"og:url\" content=\"https:\/\/www.yariproductions.com\/fr\/yannick-rieu-sextet-diese-onze-le-24-25-of-mars-2023\/\" \/>\n<meta property=\"og:site_name\" content=\"Yari Productions\" \/>\n<meta property=\"article:published_time\" content=\"2023-03-11T19:58:23+00:00\" \/>\n<meta property=\"article:modified_time\" content=\"2023-03-11T20:50:29+00:00\" \/>\n<meta property=\"og:image\" content=\"https:\/\/www.yariproductions.com\/wp-content\/uploads\/2023\/03\/yari-productions-yannick-rieu-photo-daniel-tremblay.jpg\" \/>\n\t<meta property=\"og:image:width\" content=\"1920\" \/>\n\t<meta property=\"og:image:height\" content=\"1080\" \/>\n\t<meta property=\"og:image:type\" content=\"image\/jpeg\" \/>\n<meta name=\"author\" content=\"Yari Productions\" \/>\n<meta name=\"twitter:card\" content=\"summary_large_image\" \/>\n<meta name=\"twitter:label1\" content=\"\u00c9crit par\" \/>\n\t<meta name=\"twitter:data1\" content=\"Yari Productions\" \/>\n\t<meta name=\"twitter:label2\" content=\"Dur\u00e9e de lecture estim\u00e9e\" \/>\n\t<meta name=\"twitter:data2\" content=\"4 minutes\" \/>\n<script type=\"application\/ld+json\" class=\"yoast-schema-graph\">{\"@context\":\"https:\/\/schema.org\",\"@graph\":[{\"@type\":\"WebPage\",\"@id\":\"https:\/\/www.yariproductions.com\/fr\/yannick-rieu-sextet-diese-onze-le-24-25-of-mars-2023\/\",\"url\":\"https:\/\/www.yariproductions.com\/fr\/yannick-rieu-sextet-diese-onze-le-24-25-of-mars-2023\/\",\"name\":\"Yannick Rieu Sextet @ Di\u00e8se Onze le 24 & 25 of mars 2023 - Yari Productions\",\"isPartOf\":{\"@id\":\"https:\/\/www.yariproductions.com\/fr\/#website\"},\"primaryImageOfPage\":{\"@id\":\"https:\/\/www.yariproductions.com\/fr\/yannick-rieu-sextet-diese-onze-le-24-25-of-mars-2023\/#primaryimage\"},\"image\":{\"@id\":\"https:\/\/www.yariproductions.com\/fr\/yannick-rieu-sextet-diese-onze-le-24-25-of-mars-2023\/#primaryimage\"},\"thumbnailUrl\":\"https:\/\/www.yariproductions.com\/wp-content\/uploads\/2023\/03\/yari-productions-yannick-rieu-photo-daniel-tremblay.jpg\",\"datePublished\":\"2023-03-11T19:58:23+00:00\",\"dateModified\":\"2023-03-11T20:50:29+00:00\",\"author\":{\"@id\":\"https:\/\/www.yariproductions.com\/fr\/#\/schema\/person\/8df4f0f01b2d0ad7de4d2767081873f2\"},\"description\":\"Pr\u00e9parez-vous pour une soir\u00e9e de jazz de classe mondiale avec le Yannick Rieu Sextet mettant en vedette Daniel Thouin, Adrian Vedady, Maxime Lapierre, Louis-Vincent Hamel et Dave Grot au T Jazz Club Di\u00e8se Onze \u00e0 Montr\u00e9al, Canada les 24 et 25 mars.\",\"breadcrumb\":{\"@id\":\"https:\/\/www.yariproductions.com\/fr\/yannick-rieu-sextet-diese-onze-le-24-25-of-mars-2023\/#breadcrumb\"},\"inLanguage\":\"fr-FR\",\"potentialAction\":[{\"@type\":\"ReadAction\",\"target\":[\"https:\/\/www.yariproductions.com\/fr\/yannick-rieu-sextet-diese-onze-le-24-25-of-mars-2023\/\"]}]},{\"@type\":\"ImageObject\",\"inLanguage\":\"fr-FR\",\"@id\":\"https:\/\/www.yariproductions.com\/fr\/yannick-rieu-sextet-diese-onze-le-24-25-of-mars-2023\/#primaryimage\",\"url\":\"https:\/\/www.yariproductions.com\/wp-content\/uploads\/2023\/03\/yari-productions-yannick-rieu-photo-daniel-tremblay.jpg\",\"contentUrl\":\"https:\/\/www.yariproductions.com\/wp-content\/uploads\/2023\/03\/yari-productions-yannick-rieu-photo-daniel-tremblay.jpg\",\"width\":1920,\"height\":1080},{\"@type\":\"BreadcrumbList\",\"@id\":\"https:\/\/www.yariproductions.com\/fr\/yannick-rieu-sextet-diese-onze-le-24-25-of-mars-2023\/#breadcrumb\",\"itemListElement\":[{\"@type\":\"ListItem\",\"position\":1,\"name\":\"Home\",\"item\":\"https:\/\/www.yariproductions.com\/fr\/\"},{\"@type\":\"ListItem\",\"position\":2,\"name\":\"Yannick Rieu Sextet @ Di\u00e8se Onze le 24 &#038; 25 of mars 2023\"}]},{\"@type\":\"WebSite\",\"@id\":\"https:\/\/www.yariproductions.com\/fr\/#website\",\"url\":\"https:\/\/www.yariproductions.com\/fr\/\",\"name\":\"Yari Productions\",\"description\":\"Yari Productions\",\"potentialAction\":[{\"@type\":\"SearchAction\",\"target\":{\"@type\":\"EntryPoint\",\"urlTemplate\":\"https:\/\/www.yariproductions.com\/fr\/?s={search_term_string}\"},\"query-input\":{\"@type\":\"PropertyValueSpecification\",\"valueRequired\":true,\"valueName\":\"search_term_string\"}}],\"inLanguage\":\"fr-FR\"},{\"@type\":\"Person\",\"@id\":\"https:\/\/www.yariproductions.com\/fr\/#\/schema\/person\/8df4f0f01b2d0ad7de4d2767081873f2\",\"name\":\"Yari Productions\",\"image\":{\"@type\":\"ImageObject\",\"inLanguage\":\"fr-FR\",\"@id\":\"https:\/\/www.yariproductions.com\/fr\/#\/schema\/person\/image\/\",\"url\":\"https:\/\/secure.gravatar.com\/avatar\/e5f5d728d1ff17bb532f0090c57ff95f401b4a78dd1eaa5e16188d9c5cb6fe1f?s=96&d=mm&r=g\",\"contentUrl\":\"https:\/\/secure.gravatar.com\/avatar\/e5f5d728d1ff17bb532f0090c57ff95f401b4a78dd1eaa5e16188d9c5cb6fe1f?s=96&d=mm&r=g\",\"caption\":\"Yari Productions\"},\"url\":\"https:\/\/www.yariproductions.com\/fr\/author\/jason\/\"}]}<\/script>\n<!-- \/ Yoast SEO plugin. -->","yoast_head_json":{"title":"Yannick Rieu Sextet @ Di\u00e8se Onze le 24 & 25 of mars 2023 - Yari Productions","description":"Pr\u00e9parez-vous pour une soir\u00e9e de jazz de classe mondiale avec le Yannick Rieu Sextet mettant en vedette Daniel Thouin, Adrian Vedady, Maxime Lapierre, Louis-Vincent Hamel et Dave Grot au T Jazz Club Di\u00e8se Onze \u00e0 Montr\u00e9al, Canada les 24 et 25 mars.","robots":{"index":"index","follow":"follow","max-snippet":"max-snippet:-1","max-image-preview":"max-image-preview:large","max-video-preview":"max-video-preview:-1"},"canonical":"https:\/\/www.yariproductions.com\/fr\/yannick-rieu-sextet-diese-onze-le-24-25-of-mars-2023\/","og_locale":"fr_FR","og_type":"article","og_title":"Yannick Rieu Sextet @ Di\u00e8se Onze le 24 & 25 of mars 2023 - Yari Productions","og_description":"Pr\u00e9parez-vous pour une soir\u00e9e de jazz de classe mondiale avec le Yannick Rieu Sextet mettant en vedette Daniel Thouin, Adrian Vedady, Maxime Lapierre, Louis-Vincent Hamel et Dave Grot au T Jazz Club Di\u00e8se Onze \u00e0 Montr\u00e9al, Canada les 24 et 25 mars.","og_url":"https:\/\/www.yariproductions.com\/fr\/yannick-rieu-sextet-diese-onze-le-24-25-of-mars-2023\/","og_site_name":"Yari Productions","article_published_time":"2023-03-11T19:58:23+00:00","article_modified_time":"2023-03-11T20:50:29+00:00","og_image":[{"width":1920,"height":1080,"url":"https:\/\/www.yariproductions.com\/wp-content\/uploads\/2023\/03\/yari-productions-yannick-rieu-photo-daniel-tremblay.jpg","type":"image\/jpeg"}],"author":"Yari Productions","twitter_card":"summary_large_image","twitter_misc":{"\u00c9crit par":"Yari Productions","Dur\u00e9e de lecture estim\u00e9e":"4 minutes"},"schema":{"@context":"https:\/\/schema.org","@graph":[{"@type":"WebPage","@id":"https:\/\/www.yariproductions.com\/fr\/yannick-rieu-sextet-diese-onze-le-24-25-of-mars-2023\/","url":"https:\/\/www.yariproductions.com\/fr\/yannick-rieu-sextet-diese-onze-le-24-25-of-mars-2023\/","name":"Yannick Rieu Sextet @ Di\u00e8se Onze le 24 & 25 of mars 2023 - Yari Productions","isPartOf":{"@id":"https:\/\/www.yariproductions.com\/fr\/#website"},"primaryImageOfPage":{"@id":"https:\/\/www.yariproductions.com\/fr\/yannick-rieu-sextet-diese-onze-le-24-25-of-mars-2023\/#primaryimage"},"image":{"@id":"https:\/\/www.yariproductions.com\/fr\/yannick-rieu-sextet-diese-onze-le-24-25-of-mars-2023\/#primaryimage"},"thumbnailUrl":"https:\/\/www.yariproductions.com\/wp-content\/uploads\/2023\/03\/yari-productions-yannick-rieu-photo-daniel-tremblay.jpg","datePublished":"2023-03-11T19:58:23+00:00","dateModified":"2023-03-11T20:50:29+00:00","author":{"@id":"https:\/\/www.yariproductions.com\/fr\/#\/schema\/person\/8df4f0f01b2d0ad7de4d2767081873f2"},"description":"Pr\u00e9parez-vous pour une soir\u00e9e de jazz de classe mondiale avec le Yannick Rieu Sextet mettant en vedette Daniel Thouin, Adrian Vedady, Maxime Lapierre, Louis-Vincent Hamel et Dave Grot au T Jazz Club Di\u00e8se Onze \u00e0 Montr\u00e9al, Canada les 24 et 25 mars.","breadcrumb":{"@id":"https:\/\/www.yariproductions.com\/fr\/yannick-rieu-sextet-diese-onze-le-24-25-of-mars-2023\/#breadcrumb"},"inLanguage":"fr-FR","potentialAction":[{"@type":"ReadAction","target":["https:\/\/www.yariproductions.com\/fr\/yannick-rieu-sextet-diese-onze-le-24-25-of-mars-2023\/"]}]},{"@type":"ImageObject","inLanguage":"fr-FR","@id":"https:\/\/www.yariproductions.com\/fr\/yannick-rieu-sextet-diese-onze-le-24-25-of-mars-2023\/#primaryimage","url":"https:\/\/www.yariproductions.com\/wp-content\/uploads\/2023\/03\/yari-productions-yannick-rieu-photo-daniel-tremblay.jpg","contentUrl":"https:\/\/www.yariproductions.com\/wp-content\/uploads\/2023\/03\/yari-productions-yannick-rieu-photo-daniel-tremblay.jpg","width":1920,"height":1080},{"@type":"BreadcrumbList","@id":"https:\/\/www.yariproductions.com\/fr\/yannick-rieu-sextet-diese-onze-le-24-25-of-mars-2023\/#breadcrumb","itemListElement":[{"@type":"ListItem","position":1,"name":"Home","item":"https:\/\/www.yariproductions.com\/fr\/"},{"@type":"ListItem","position":2,"name":"Yannick Rieu Sextet @ Di\u00e8se Onze le 24 &#038; 25 of mars 2023"}]},{"@type":"WebSite","@id":"https:\/\/www.yariproductions.com\/fr\/#website","url":"https:\/\/www.yariproductions.com\/fr\/","name":"Yari Productions","description":"Yari Productions","potentialAction":[{"@type":"SearchAction","target":{"@type":"EntryPoint","urlTemplate":"https:\/\/www.yariproductions.com\/fr\/?s={search_term_string}"},"query-input":{"@type":"PropertyValueSpecification","valueRequired":true,"valueName":"search_term_string"}}],"inLanguage":"fr-FR"},{"@type":"Person","@id":"https:\/\/www.yariproductions.com\/fr\/#\/schema\/person\/8df4f0f01b2d0ad7de4d2767081873f2","name":"Yari Productions","image":{"@type":"ImageObject","inLanguage":"fr-FR","@id":"https:\/\/www.yariproductions.com\/fr\/#\/schema\/person\/image\/","url":"https:\/\/secure.gravatar.com\/avatar\/e5f5d728d1ff17bb532f0090c57ff95f401b4a78dd1eaa5e16188d9c5cb6fe1f?s=96&d=mm&r=g","contentUrl":"https:\/\/secure.gravatar.com\/avatar\/e5f5d728d1ff17bb532f0090c57ff95f401b4a78dd1eaa5e16188d9c5cb6fe1f?s=96&d=mm&r=g","caption":"Yari Productions"},"url":"https:\/\/www.yariproductions.com\/fr\/author\/jason\/"}]}},"_links":{"self":[{"href":"https:\/\/www.yariproductions.com\/fr\/wp-json\/wp\/v2\/posts\/932","targetHints":{"allow":["GET"]}}],"collection":[{"href":"https:\/\/www.yariproductions.com\/fr\/wp-json\/wp\/v2\/posts"}],"about":[{"href":"https:\/\/www.yariproductions.com\/fr\/wp-json\/wp\/v2\/types\/post"}],"author":[{"embeddable":true,"href":"https:\/\/www.yariproductions.com\/fr\/wp-json\/wp\/v2\/users\/1"}],"replies":[{"embeddable":true,"href":"https:\/\/www.yariproductions.com\/fr\/wp-json\/wp\/v2\/comments?post=932"}],"version-history":[{"count":3,"href":"https:\/\/www.yariproductions.com\/fr\/wp-json\/wp\/v2\/posts\/932\/revisions"}],"predecessor-version":[{"id":958,"href":"https:\/\/www.yariproductions.com\/fr\/wp-json\/wp\/v2\/posts\/932\/revisions\/958"}],"wp:featuredmedia":[{"embeddable":true,"href":"https:\/\/www.yariproductions.com\/fr\/wp-json\/wp\/v2\/media\/913"}],"wp:attachment":[{"href":"https:\/\/www.yariproductions.com\/fr\/wp-json\/wp\/v2\/media?parent=932"}],"wp:term":[{"taxonomy":"category","embeddable":true,"href":"https:\/\/www.yariproductions.com\/fr\/wp-json\/wp\/v2\/categories?post=932"},{"taxonomy":"post_tag","embeddable":true,"href":"https:\/\/www.yariproductions.com\/fr\/wp-json\/wp\/v2\/tags?post=932"}],"curies":[{"name":"wp","href":"https:\/\/api.w.org\/{rel}","templated":true}]}}